{"id":25610,"date":"2025-02-26T13:13:36","date_gmt":"2025-02-26T12:13:36","guid":{"rendered":"https:\/\/brusselshealthnetwork.be\/?p=25610"},"modified":"2025-03-12T11:25:05","modified_gmt":"2025-03-12T10:25:05","slug":"uw-professionele-ruimte-moderniseren","status":"publish","type":"post","link":"https:\/\/brusselshealthnetwork.be\/nl\/uw-professionele-ruimte-moderniseren\/","title":{"rendered":"Uw professionele ruimte moderniseren"},"content":{"rendered":"<p>[et_pb_section fb_built=&#8221;1&#8243; admin_label=&#8221;section&#8221; _builder_version=&#8221;4.16&#8243; custom_padding=&#8221;0px|||||&#8221; global_colors_info=&#8221;{}&#8221; theme_builder_area=&#8221;post_content&#8221;][et_pb_row admin_label=&#8221;row&#8221; _builder_version=&#8221;4.16&#8243; background_size=&#8221;initial&#8221; background_position=&#8221;top_left&#8221; background_repeat=&#8221;repeat&#8221; global_colors_info=&#8221;{}&#8221; theme_builder_area=&#8221;post_content&#8221;][et_pb_column type=&#8221;4_4&#8243; _builder_version=&#8221;4.16&#8243; custom_padding=&#8221;|||&#8221; global_colors_info=&#8221;{}&#8221; custom_padding__hover=&#8221;|||&#8221; theme_builder_area=&#8221;post_content&#8221;][et_pb_text _builder_version=&#8221;4.27.4&#8243; _module_preset=&#8221;default&#8221; hover_enabled=&#8221;0&#8243; global_colors_info=&#8221;{}&#8221; theme_builder_area=&#8221;post_content&#8221; custom_padding=&#8221;0px|||||&#8221; sticky_enabled=&#8221;0&#8243;]<\/p>\n<p><em>Informatie bestemd voor eerstelijnsprofessionals zonder specifieke software.<\/em><\/p>\n<h2><strong>Het vernieuwde professionele platform van de Brussels en Waalse Gezondheidsnetwerken na meer dan 10 jaar<\/strong><\/h2>\n<p>Na begin dit jaar een nieuwe versie van het portaal voor pati\u00ebnten te hebben gelanceerd, moderniseren de Waalse en Brussels Gezondheidsnetwerken nu ook hun professionele ruimte. Dit platform is bedoeld voor zorgverleners die nog niet over een gekoppeld softwarepakket beschikken.<\/p>\n<p>Al meer dan 10 jaar faciliteren deze elektronische platformen de uitwisseling van gezondheidsgegevens, met als doel de samenwerking tussen alle zorgverleners te bevorderen en zo de kwaliteit van de zorg te verbeteren.<\/p>\n<p>Het uiteindelijke doel is dat alle zorgverleners zich rechtstreeks kunnen verbinden via een softwarepakket waarin de functionaliteiten van de gezondheidsnetwerken zijn ge\u00efntegreerd. Dit zorgt voor een gecentraliseerd en vlot beheer van de opvolging van hun pati\u00ebnten binnen \u00e9\u00e9n enkel instrument. Voor degenen die nog niet over dergelijke software beschikken \u2013 of wiens software momenteel wordt verbeterd \u2013 biedt de professionele ruimte van de netwerken een alternatief. Dit garandeert hen continue toegang tot essenti\u00eble informatie en de mogelijkheid om actief deel te nemen aan de uitwisseling van gezondheidsgegevens, mits zij aan de voorwaarden voldoen<a href=\"#_ftn1\" name=\"_ftnref1\">[1]<\/a>.<\/p>\n<h3>Wat kun u in deze professionele ruimte doen?<\/h3>\n<p><strong>Via dit portaal kunt u onder andere:<\/strong><\/p>\n<ul>\n<li style=\"list-style-type: none;\">\n<ul>\n<li>Uw pati\u00ebntenlijst raadplegen en toegang krijgen tot hun dossier<\/li>\n<li>Beschikbare medische documenten of gegevens van uw pati\u00ebnten inzien<\/li>\n<li>Het dossier van uw pati\u00ebnten aanvullen (documenten toevoegen, het multidisciplinair dossier bijwerken of het vaccinatieregister aanvullen)<\/li>\n<li>Pati\u00ebnten toevoegen (indien nodig hun toestemming registreren en een therapeutische link met hen vastleggen)<\/li>\n<li><strong>Therapeutische links en toegangsrechten beheren namens uw pati\u00ebnten, op hun expliciete verzoek<\/strong><\/li>\n<li>Uw profiel raadplegen of bijwerken<\/li>\n<\/ul>\n<\/li>\n<\/ul>\n<p><strong>Of u nu uw smartphone, tablet of pc gebruikt, het nieuwe ontwerp van de werkruimte geeft u :<\/strong><\/p>\n<ul>\n<li style=\"list-style-type: none;\">\n<ul>\n<li>Een gemoderniseerde interface voor een intu\u00eftievere en vlottere navigatie<\/li>\n<li>Verbeterde ergonomie om gemakkelijker toegang te krijgen tot essenti\u00eble informatie<\/li>\n<li>Een geoptimaliseerde gebruikerservaring met beter toegankelijke functionaliteiten die zijn afgestemd op de behoeften van zorgprofessionals<\/li>\n<\/ul>\n<\/li>\n<\/ul>\n<p>Met deze herontwikkeling versterken de twee gezondheidsnetwerken hun inzet voor een effici\u00ebnte en soepele samenwerking tussen alle actoren in de medische sector, wat de continu\u00efteit van de zorg voor pati\u00ebnten ten goede komt.<\/p>\n<h3>De voordelen van het digitaal delen van pati\u00ebntendossiers via de gezondheidsnetwerken<\/h3>\n<p>De Gezondheidsnetwerken stellen zorgverleners in staat om voor eenzelfde pati\u00ebnt geautomatiseerde gezondheidsdocumenten uit te wisselen (SumEHR-gezondheidsrapport, testresultaten, medische verslagen, brieven, enz.).<\/p>\n<p><strong>Dit vergemakkelijkt de zorgverlening door:<\/strong><\/p>\n<ul>\n<li style=\"list-style-type: none;\">\n<ul>\n<li>Een globaal overzicht van de medische geschiedenis van de pati\u00ebnt<\/li>\n<li>Directe en beveiligde toegang, 24\/7<\/li>\n<li>Een betere samenwerking tussen zorgverleners<\/li>\n<li>Ondersteuning bij diagnoses (zonder deze te vervangen)<\/li>\n<\/ul>\n<\/li>\n<\/ul>\n<p>Een fundamenteel principe blijft echter behouden: toegang tot gegevens is alleen toegestaan binnen het kader van de continu\u00efteit van zorg.<\/p>\n<ol>\n<li style=\"list-style-type: none;\"><\/li>\n<\/ol>\n<p>[\/et_pb_text][et_pb_text _builder_version=&#8221;4.27.4&#8243; _module_preset=&#8221;default&#8221; custom_margin=&#8221;||3px|||&#8221; global_colors_info=&#8221;{}&#8221; theme_builder_area=&#8221;post_content&#8221;]<\/p>\n<p style=\"text-align: center;\"><em><strong>Discrete productielancering: log in via de onderstaande knop. Voor vragen of feedback nodigen wij u uit om contact met ons op te nemen via het volgende adres: <a data-start=\"214\" data-end=\"229\" rel=\"noopener\">info@abrumet.be<\/a>.<\/strong><\/em><\/p>\n<p>[\/et_pb_text][et_pb_button button_url=&#8221;https:\/\/webapp.abrumet.be\/portal\/pro?l=nl&#8221; button_text=&#8221;Ik meeld me aan&#8221; button_alignment=&#8221;center&#8221; module_class=&#8221;blue btn&#8221; _builder_version=&#8221;4.27.4&#8243; _module_preset=&#8221;default&#8221; global_colors_info=&#8221;{}&#8221; theme_builder_area=&#8221;post_content&#8221;][\/et_pb_button][et_pb_divider color=&#8221;gcid-heading-color&#8221; divider_style=&#8221;dashed&#8221; _builder_version=&#8221;4.27.4&#8243; _module_preset=&#8221;default&#8221; custom_margin=&#8221;||-1px|||&#8221; locked=&#8221;off&#8221; global_colors_info=&#8221;{%22gcid-heading-color%22:%91%22color%22%93}&#8221; theme_builder_area=&#8221;post_content&#8221;][\/et_pb_divider][et_pb_text _builder_version=&#8221;4.27.4&#8243; _module_preset=&#8221;default&#8221; locked=&#8221;off&#8221; global_colors_info=&#8221;{}&#8221; theme_builder_area=&#8221;post_content&#8221;]<\/p>\n<p><em>[1] Om gebruik te maken van de diensten van de gezondheidsnetwerken, moet u zich inschrijven en ons privacyreglement accepteren: <a href=\"https:\/\/brusselshealthnetwork.be\/nl\/zorgverstrekkers\/ik-schrijf-me-in\/hoe-schrijft-u-zich-in\/\" target=\"_blank\" rel=\"noopener\">Inschrijving in Brussel<\/a>\u00a0<\/em><\/p>\n<p><em>Pati\u00ebnten moeten ook ge\u00efnformeerde toestemming hebben gegeven en er moet een therapeutische relatie met hen zijn opgebouwd. De toegang wordt ook bepaald volgens de behoeften van elk beroep.<\/em><\/p>\n<p>[\/et_pb_text][\/et_pb_column][\/et_pb_row][\/et_pb_section]<\/p>\n","protected":false},"excerpt":{"rendered":"<p>Informatie bestemd voor eerstelijnsprofessionals zonder specifieke software. Het vernieuwde professionele platform van de Brussels en Waalse Gezondheidsnetwerken na meer dan 10 jaar Na begin dit jaar een nieuwe versie van het portaal voor pati\u00ebnten te hebben gelanceerd, moderniseren de Waalse en Brussels Gezondheidsnetwerken nu ook hun professionele ruimte. Dit platform is bedoeld voor zorgverleners die [&hellip;]<\/p>\n","protected":false},"author":10,"featured_media":25602,"comment_status":"closed","ping_status":"closed","sticky":false,"template":"","format":"standard","meta":{"_et_pb_use_builder":"on","_et_pb_old_content":"","_et_gb_content_width":"","footnotes":""},"categories":[64,3],"tags":[],"class_list":["post-25610","post","type-post","status-publish","format-standard","has-post-thumbnail","hentry","category-gezondheidsprofessionals","category-nieuws"],"yoast_head":"<!-- This site is optimized with the Yoast SEO Premium plugin v27.4 (Yoast SEO v27.4) - https:\/\/yoast.com\/product\/yoast-seo-premium-wordpress\/ -->\n<title>Uw professionele ruimte moderniseren - Brussels Gezondheidsnetwerk<\/title>\n<meta name=\"description\" content=\"Ontdek de vernieuwde professionele ruimte van het Brussels Gezondheidsnetwerk. Dit platform, bedoeld voor eerstelijnszorgprofessionals zonder specifieke software, vergemakkelijkt de toegang tot en de veilige uitwisseling van gezondheidsgegevens voor betere samenwerking en continu\u00efteit van de zorg.\" \/>\n<meta name=\"robots\" content=\"index, follow, max-snippet:-1, max-image-preview:large, max-video-preview:-1\" \/>\n<link rel=\"canonical\" href=\"https:\/\/brusselshealthnetwork.be\/nl\/uw-professionele-ruimte-moderniseren\/\" \/>\n<meta property=\"og:locale\" content=\"nl_NL\" \/>\n<meta property=\"og:type\" content=\"article\" \/>\n<meta property=\"og:title\" content=\"Uw professionele ruimte moderniseren\" \/>\n<meta property=\"og:description\" content=\"Ontdek de vernieuwde professionele ruimte van het Brussels Gezondheidsnetwerk. Dit platform, bedoeld voor eerstelijnszorgprofessionals zonder specifieke software, vergemakkelijkt de toegang tot en de veilige uitwisseling van gezondheidsgegevens voor betere samenwerking en continu\u00efteit van de zorg.\" \/>\n<meta property=\"og:url\" content=\"https:\/\/brusselshealthnetwork.be\/nl\/uw-professionele-ruimte-moderniseren\/\" \/>\n<meta property=\"og:site_name\" content=\"Brussels Gezondheidsnetwerk\" \/>\n<meta property=\"article:publisher\" content=\"https:\/\/www.facebook.com\/reseausantebruxellois.be\" \/>\n<meta property=\"article:published_time\" content=\"2025-02-26T12:13:36+00:00\" \/>\n<meta property=\"article:modified_time\" content=\"2025-03-12T10:25:05+00:00\" \/>\n<meta property=\"og:image\" content=\"https:\/\/brusselshealthnetwork.be\/wp-content\/uploads\/2025\/02\/RSB-1024x512.png\" \/>\n\t<meta property=\"og:image:width\" content=\"1024\" \/>\n\t<meta property=\"og:image:height\" content=\"512\" \/>\n\t<meta property=\"og:image:type\" content=\"image\/png\" \/>\n<meta name=\"author\" content=\"Eve Kaiser\" \/>\n<meta name=\"twitter:card\" content=\"summary_large_image\" \/>\n<meta name=\"twitter:creator\" content=\"@Abrumet\" \/>\n<meta name=\"twitter:site\" content=\"@Abrumet\" \/>\n<meta name=\"twitter:label1\" content=\"Geschreven door\" \/>\n\t<meta name=\"twitter:data1\" content=\"Eve Kaiser\" \/>\n\t<meta name=\"twitter:label2\" content=\"Geschatte leestijd\" \/>\n\t<meta name=\"twitter:data2\" content=\"3 minuten\" \/>\n<script type=\"application\/ld+json\" class=\"yoast-schema-graph\">{\"@context\":\"https:\\\/\\\/schema.org\",\"@graph\":[{\"@type\":\"Article\",\"@id\":\"https:\\\/\\\/brusselshealthnetwork.be\\\/nl\\\/uw-professionele-ruimte-moderniseren\\\/#article\",\"isPartOf\":{\"@id\":\"https:\\\/\\\/brusselshealthnetwork.be\\\/nl\\\/uw-professionele-ruimte-moderniseren\\\/\"},\"author\":{\"name\":\"Eve Kaiser\",\"@id\":\"https:\\\/\\\/brusselshealthnetwork.be\\\/#\\\/schema\\\/person\\\/d44c1668c77420738a4b683508a0a73f\"},\"headline\":\"Uw professionele ruimte moderniseren\",\"datePublished\":\"2025-02-26T12:13:36+00:00\",\"dateModified\":\"2025-03-12T10:25:05+00:00\",\"mainEntityOfPage\":{\"@id\":\"https:\\\/\\\/brusselshealthnetwork.be\\\/nl\\\/uw-professionele-ruimte-moderniseren\\\/\"},\"wordCount\":751,\"publisher\":{\"@id\":\"https:\\\/\\\/brusselshealthnetwork.be\\\/#organization\"},\"image\":{\"@id\":\"https:\\\/\\\/brusselshealthnetwork.be\\\/nl\\\/uw-professionele-ruimte-moderniseren\\\/#primaryimage\"},\"thumbnailUrl\":\"https:\\\/\\\/brusselshealthnetwork.be\\\/wp-content\\\/uploads\\\/2025\\\/02\\\/RSB.png\",\"articleSection\":[\"Gezondheidsprofessionals\",\"Nieuws\"],\"inLanguage\":\"nl-NL\"},{\"@type\":\"WebPage\",\"@id\":\"https:\\\/\\\/brusselshealthnetwork.be\\\/nl\\\/uw-professionele-ruimte-moderniseren\\\/\",\"url\":\"https:\\\/\\\/brusselshealthnetwork.be\\\/nl\\\/uw-professionele-ruimte-moderniseren\\\/\",\"name\":\"Uw professionele ruimte moderniseren - Brussels Gezondheidsnetwerk\",\"isPartOf\":{\"@id\":\"https:\\\/\\\/brusselshealthnetwork.be\\\/#website\"},\"primaryImageOfPage\":{\"@id\":\"https:\\\/\\\/brusselshealthnetwork.be\\\/nl\\\/uw-professionele-ruimte-moderniseren\\\/#primaryimage\"},\"image\":{\"@id\":\"https:\\\/\\\/brusselshealthnetwork.be\\\/nl\\\/uw-professionele-ruimte-moderniseren\\\/#primaryimage\"},\"thumbnailUrl\":\"https:\\\/\\\/brusselshealthnetwork.be\\\/wp-content\\\/uploads\\\/2025\\\/02\\\/RSB.png\",\"datePublished\":\"2025-02-26T12:13:36+00:00\",\"dateModified\":\"2025-03-12T10:25:05+00:00\",\"description\":\"Ontdek de vernieuwde professionele ruimte van het Brussels Gezondheidsnetwerk. Dit platform, bedoeld voor eerstelijnszorgprofessionals zonder specifieke software, vergemakkelijkt de toegang tot en de veilige uitwisseling van gezondheidsgegevens voor betere samenwerking en continu\u00efteit van de zorg.\",\"breadcrumb\":{\"@id\":\"https:\\\/\\\/brusselshealthnetwork.be\\\/nl\\\/uw-professionele-ruimte-moderniseren\\\/#breadcrumb\"},\"inLanguage\":\"nl-NL\",\"potentialAction\":[{\"@type\":\"ReadAction\",\"target\":[\"https:\\\/\\\/brusselshealthnetwork.be\\\/nl\\\/uw-professionele-ruimte-moderniseren\\\/\"]}]},{\"@type\":\"ImageObject\",\"inLanguage\":\"nl-NL\",\"@id\":\"https:\\\/\\\/brusselshealthnetwork.be\\\/nl\\\/uw-professionele-ruimte-moderniseren\\\/#primaryimage\",\"url\":\"https:\\\/\\\/brusselshealthnetwork.be\\\/wp-content\\\/uploads\\\/2025\\\/02\\\/RSB.png\",\"contentUrl\":\"https:\\\/\\\/brusselshealthnetwork.be\\\/wp-content\\\/uploads\\\/2025\\\/02\\\/RSB.png\",\"width\":6912,\"height\":3456},{\"@type\":\"BreadcrumbList\",\"@id\":\"https:\\\/\\\/brusselshealthnetwork.be\\\/nl\\\/uw-professionele-ruimte-moderniseren\\\/#breadcrumb\",\"itemListElement\":[{\"@type\":\"ListItem\",\"position\":1,\"name\":\"Accueil\",\"item\":\"https:\\\/\\\/brusselshealthnetwork.be\\\/nl\\\/\"},{\"@type\":\"ListItem\",\"position\":2,\"name\":\"Uw professionele ruimte moderniseren\"}]},{\"@type\":\"WebSite\",\"@id\":\"https:\\\/\\\/brusselshealthnetwork.be\\\/#website\",\"url\":\"https:\\\/\\\/brusselshealthnetwork.be\\\/\",\"name\":\"Brussels Gezondheidsnetwerk\",\"description\":\"\",\"publisher\":{\"@id\":\"https:\\\/\\\/brusselshealthnetwork.be\\\/#organization\"},\"potentialAction\":[{\"@type\":\"SearchAction\",\"target\":{\"@type\":\"EntryPoint\",\"urlTemplate\":\"https:\\\/\\\/brusselshealthnetwork.be\\\/?s={search_term_string}\"},\"query-input\":{\"@type\":\"PropertyValueSpecification\",\"valueRequired\":true,\"valueName\":\"search_term_string\"}}],\"inLanguage\":\"nl-NL\"},{\"@type\":\"Organization\",\"@id\":\"https:\\\/\\\/brusselshealthnetwork.be\\\/#organization\",\"name\":\"Brussels Health Network\",\"url\":\"https:\\\/\\\/brusselshealthnetwork.be\\\/\",\"logo\":{\"@type\":\"ImageObject\",\"inLanguage\":\"nl-NL\",\"@id\":\"https:\\\/\\\/brusselshealthnetwork.be\\\/#\\\/schema\\\/logo\\\/image\\\/\",\"url\":\"https:\\\/\\\/brusselshealthnetwork.be\\\/wp-content\\\/uploads\\\/2020\\\/12\\\/logo-rsb-en-1.png\",\"contentUrl\":\"https:\\\/\\\/brusselshealthnetwork.be\\\/wp-content\\\/uploads\\\/2020\\\/12\\\/logo-rsb-en-1.png\",\"width\":312,\"height\":180,\"caption\":\"Brussels Health Network\"},\"image\":{\"@id\":\"https:\\\/\\\/brusselshealthnetwork.be\\\/#\\\/schema\\\/logo\\\/image\\\/\"},\"sameAs\":[\"https:\\\/\\\/www.facebook.com\\\/reseausantebruxellois.be\",\"https:\\\/\\\/x.com\\\/Abrumet\",\"https:\\\/\\\/www.instagram.com\\\/reseausantebruxellois\\\/?hl=fr\",\"https:\\\/\\\/www.linkedin.com\\\/company\\\/3323600\\\/admin\\\/feed\\\/posts\\\/\",\"https:\\\/\\\/www.youtube.com\\\/channel\\\/UCibvpFKy2VbZeDbulIGAWxA\",\"https:\\\/\\\/vimeo.com\\\/user226353198\"]},{\"@type\":\"Person\",\"@id\":\"https:\\\/\\\/brusselshealthnetwork.be\\\/#\\\/schema\\\/person\\\/d44c1668c77420738a4b683508a0a73f\",\"name\":\"Eve Kaiser\"}]}<\/script>\n<!-- \/ Yoast SEO Premium plugin. -->","yoast_head_json":{"title":"Uw professionele ruimte moderniseren - Brussels Gezondheidsnetwerk","description":"Ontdek de vernieuwde professionele ruimte van het Brussels Gezondheidsnetwerk. Dit platform, bedoeld voor eerstelijnszorgprofessionals zonder specifieke software, vergemakkelijkt de toegang tot en de veilige uitwisseling van gezondheidsgegevens voor betere samenwerking en continu\u00efteit van de zorg.","robots":{"index":"index","follow":"follow","max-snippet":"max-snippet:-1","max-image-preview":"max-image-preview:large","max-video-preview":"max-video-preview:-1"},"canonical":"https:\/\/brusselshealthnetwork.be\/nl\/uw-professionele-ruimte-moderniseren\/","og_locale":"nl_NL","og_type":"article","og_title":"Uw professionele ruimte moderniseren","og_description":"Ontdek de vernieuwde professionele ruimte van het Brussels Gezondheidsnetwerk. Dit platform, bedoeld voor eerstelijnszorgprofessionals zonder specifieke software, vergemakkelijkt de toegang tot en de veilige uitwisseling van gezondheidsgegevens voor betere samenwerking en continu\u00efteit van de zorg.","og_url":"https:\/\/brusselshealthnetwork.be\/nl\/uw-professionele-ruimte-moderniseren\/","og_site_name":"Brussels Gezondheidsnetwerk","article_publisher":"https:\/\/www.facebook.com\/reseausantebruxellois.be","article_published_time":"2025-02-26T12:13:36+00:00","article_modified_time":"2025-03-12T10:25:05+00:00","og_image":[{"width":1024,"height":512,"url":"https:\/\/brusselshealthnetwork.be\/wp-content\/uploads\/2025\/02\/RSB-1024x512.png","type":"image\/png"}],"author":"Eve Kaiser","twitter_card":"summary_large_image","twitter_creator":"@Abrumet","twitter_site":"@Abrumet","twitter_misc":{"Geschreven door":"Eve Kaiser","Geschatte leestijd":"3 minuten"},"schema":{"@context":"https:\/\/schema.org","@graph":[{"@type":"Article","@id":"https:\/\/brusselshealthnetwork.be\/nl\/uw-professionele-ruimte-moderniseren\/#article","isPartOf":{"@id":"https:\/\/brusselshealthnetwork.be\/nl\/uw-professionele-ruimte-moderniseren\/"},"author":{"name":"Eve Kaiser","@id":"https:\/\/brusselshealthnetwork.be\/#\/schema\/person\/d44c1668c77420738a4b683508a0a73f"},"headline":"Uw professionele ruimte moderniseren","datePublished":"2025-02-26T12:13:36+00:00","dateModified":"2025-03-12T10:25:05+00:00","mainEntityOfPage":{"@id":"https:\/\/brusselshealthnetwork.be\/nl\/uw-professionele-ruimte-moderniseren\/"},"wordCount":751,"publisher":{"@id":"https:\/\/brusselshealthnetwork.be\/#organization"},"image":{"@id":"https:\/\/brusselshealthnetwork.be\/nl\/uw-professionele-ruimte-moderniseren\/#primaryimage"},"thumbnailUrl":"https:\/\/brusselshealthnetwork.be\/wp-content\/uploads\/2025\/02\/RSB.png","articleSection":["Gezondheidsprofessionals","Nieuws"],"inLanguage":"nl-NL"},{"@type":"WebPage","@id":"https:\/\/brusselshealthnetwork.be\/nl\/uw-professionele-ruimte-moderniseren\/","url":"https:\/\/brusselshealthnetwork.be\/nl\/uw-professionele-ruimte-moderniseren\/","name":"Uw professionele ruimte moderniseren - Brussels Gezondheidsnetwerk","isPartOf":{"@id":"https:\/\/brusselshealthnetwork.be\/#website"},"primaryImageOfPage":{"@id":"https:\/\/brusselshealthnetwork.be\/nl\/uw-professionele-ruimte-moderniseren\/#primaryimage"},"image":{"@id":"https:\/\/brusselshealthnetwork.be\/nl\/uw-professionele-ruimte-moderniseren\/#primaryimage"},"thumbnailUrl":"https:\/\/brusselshealthnetwork.be\/wp-content\/uploads\/2025\/02\/RSB.png","datePublished":"2025-02-26T12:13:36+00:00","dateModified":"2025-03-12T10:25:05+00:00","description":"Ontdek de vernieuwde professionele ruimte van het Brussels Gezondheidsnetwerk. Dit platform, bedoeld voor eerstelijnszorgprofessionals zonder specifieke software, vergemakkelijkt de toegang tot en de veilige uitwisseling van gezondheidsgegevens voor betere samenwerking en continu\u00efteit van de zorg.","breadcrumb":{"@id":"https:\/\/brusselshealthnetwork.be\/nl\/uw-professionele-ruimte-moderniseren\/#breadcrumb"},"inLanguage":"nl-NL","potentialAction":[{"@type":"ReadAction","target":["https:\/\/brusselshealthnetwork.be\/nl\/uw-professionele-ruimte-moderniseren\/"]}]},{"@type":"ImageObject","inLanguage":"nl-NL","@id":"https:\/\/brusselshealthnetwork.be\/nl\/uw-professionele-ruimte-moderniseren\/#primaryimage","url":"https:\/\/brusselshealthnetwork.be\/wp-content\/uploads\/2025\/02\/RSB.png","contentUrl":"https:\/\/brusselshealthnetwork.be\/wp-content\/uploads\/2025\/02\/RSB.png","width":6912,"height":3456},{"@type":"BreadcrumbList","@id":"https:\/\/brusselshealthnetwork.be\/nl\/uw-professionele-ruimte-moderniseren\/#breadcrumb","itemListElement":[{"@type":"ListItem","position":1,"name":"Accueil","item":"https:\/\/brusselshealthnetwork.be\/nl\/"},{"@type":"ListItem","position":2,"name":"Uw professionele ruimte moderniseren"}]},{"@type":"WebSite","@id":"https:\/\/brusselshealthnetwork.be\/#website","url":"https:\/\/brusselshealthnetwork.be\/","name":"Brussels Gezondheidsnetwerk","description":"","publisher":{"@id":"https:\/\/brusselshealthnetwork.be\/#organization"},"potentialAction":[{"@type":"SearchAction","target":{"@type":"EntryPoint","urlTemplate":"https:\/\/brusselshealthnetwork.be\/?s={search_term_string}"},"query-input":{"@type":"PropertyValueSpecification","valueRequired":true,"valueName":"search_term_string"}}],"inLanguage":"nl-NL"},{"@type":"Organization","@id":"https:\/\/brusselshealthnetwork.be\/#organization","name":"Brussels Health Network","url":"https:\/\/brusselshealthnetwork.be\/","logo":{"@type":"ImageObject","inLanguage":"nl-NL","@id":"https:\/\/brusselshealthnetwork.be\/#\/schema\/logo\/image\/","url":"https:\/\/brusselshealthnetwork.be\/wp-content\/uploads\/2020\/12\/logo-rsb-en-1.png","contentUrl":"https:\/\/brusselshealthnetwork.be\/wp-content\/uploads\/2020\/12\/logo-rsb-en-1.png","width":312,"height":180,"caption":"Brussels Health Network"},"image":{"@id":"https:\/\/brusselshealthnetwork.be\/#\/schema\/logo\/image\/"},"sameAs":["https:\/\/www.facebook.com\/reseausantebruxellois.be","https:\/\/x.com\/Abrumet","https:\/\/www.instagram.com\/reseausantebruxellois\/?hl=fr","https:\/\/www.linkedin.com\/company\/3323600\/admin\/feed\/posts\/","https:\/\/www.youtube.com\/channel\/UCibvpFKy2VbZeDbulIGAWxA","https:\/\/vimeo.com\/user226353198"]},{"@type":"Person","@id":"https:\/\/brusselshealthnetwork.be\/#\/schema\/person\/d44c1668c77420738a4b683508a0a73f","name":"Eve Kaiser"}]}},"_links":{"self":[{"href":"https:\/\/brusselshealthnetwork.be\/nl\/wp-json\/wp\/v2\/posts\/25610","targetHints":{"allow":["GET"]}}],"collection":[{"href":"https:\/\/brusselshealthnetwork.be\/nl\/wp-json\/wp\/v2\/posts"}],"about":[{"href":"https:\/\/brusselshealthnetwork.be\/nl\/wp-json\/wp\/v2\/types\/post"}],"author":[{"embeddable":true,"href":"https:\/\/brusselshealthnetwork.be\/nl\/wp-json\/wp\/v2\/users\/10"}],"replies":[{"embeddable":true,"href":"https:\/\/brusselshealthnetwork.be\/nl\/wp-json\/wp\/v2\/comments?post=25610"}],"version-history":[{"count":10,"href":"https:\/\/brusselshealthnetwork.be\/nl\/wp-json\/wp\/v2\/posts\/25610\/revisions"}],"predecessor-version":[{"id":25851,"href":"https:\/\/brusselshealthnetwork.be\/nl\/wp-json\/wp\/v2\/posts\/25610\/revisions\/25851"}],"wp:featuredmedia":[{"embeddable":true,"href":"https:\/\/brusselshealthnetwork.be\/nl\/wp-json\/wp\/v2\/media\/25602"}],"wp:attachment":[{"href":"https:\/\/brusselshealthnetwork.be\/nl\/wp-json\/wp\/v2\/media?parent=25610"}],"wp:term":[{"taxonomy":"category","embeddable":true,"href":"https:\/\/brusselshealthnetwork.be\/nl\/wp-json\/wp\/v2\/categories?post=25610"},{"taxonomy":"post_tag","embeddable":true,"href":"https:\/\/brusselshealthnetwork.be\/nl\/wp-json\/wp\/v2\/tags?post=25610"}],"curies":[{"name":"wp","href":"https:\/\/api.w.org\/{rel}","templated":true}]}}